{"id":2199,"date":"2022-05-06T08:01:31","date_gmt":"2022-05-06T08:01:31","guid":{"rendered":"https:\/\/www.redantvorst.be\/?p=2199"},"modified":"2022-05-06T08:04:57","modified_gmt":"2022-05-06T08:04:57","slug":"la-famille-entrepreneuriale-redant-remporte-les-24-heures-de-zolder","status":"publish","type":"post","link":"https:\/\/www.redantvorst.be\/fr\/la-famille-entrepreneuriale-redant-remporte-les-24-heures-de-zolder\/","title":{"rendered":"La famille entrepreneuriale Redant remporte les 24 heures de Zolder"},"content":{"rendered":"<p>Les fourmis rouges ont encore frapp\u00e9&#8230; Bert Redant et ses fils, connus \u00e0 Lochristi pour la fabrique de pneus du m\u00eame nom, ont triomph\u00e9 dans la course d&rsquo;endurance sur le circuit de Zolder. C&rsquo;est gratifiant, \u00e0 la fois en tant que manager de l&rsquo;\u00e9quipe et en tant que p\u00e8re\u00a0\u00bb, a d\u00e9clar\u00e9 Bert.<\/p>\n<p><img decoding=\"async\" class=\"lazyload alignnone size-full wp-image-1766\" src=\"https:\/\/www.redantvorst.be\/wp-content\/uploads\/2021\/01\/095c00ea-dbcf-4cf6-a84f-c0a3baecf276.jpg\" data-orig-src=\"https:\/\/www.redantvorst.be\/wp-content\/uploads\/2021\/01\/095c00ea-dbcf-4cf6-a84f-c0a3baecf276.jpg\" alt=\"\" width=\"960\" height=\"640\" srcset=\"data:image\/svg+xml,%3Csvg%20xmlns%3D%27http%3A%2F%2Fwww.w3.org%2F2000%2Fsvg%27%20width%3D%27960%27%20height%3D%27640%27%20viewBox%3D%270%200%20960%20640%27%3E%3Crect%20width%3D%27960%27%20height%3D%27640%27%20fill-opacity%3D%220%22%2F%3E%3C%2Fsvg%3E\" data-srcset=\"https:\/\/www.redantvorst.be\/wp-content\/uploads\/2021\/01\/095c00ea-dbcf-4cf6-a84f-c0a3baecf276-200x133.jpg 200w, https:\/\/www.redantvorst.be\/wp-content\/uploads\/2021\/01\/095c00ea-dbcf-4cf6-a84f-c0a3baecf276-300x200.jpg 300w, https:\/\/www.redantvorst.be\/wp-content\/uploads\/2021\/01\/095c00ea-dbcf-4cf6-a84f-c0a3baecf276-400x267.jpg 400w, https:\/\/www.redantvorst.be\/wp-content\/uploads\/2021\/01\/095c00ea-dbcf-4cf6-a84f-c0a3baecf276-600x400.jpg 600w, https:\/\/www.redantvorst.be\/wp-content\/uploads\/2021\/01\/095c00ea-dbcf-4cf6-a84f-c0a3baecf276-768x512.jpg 768w, https:\/\/www.redantvorst.be\/wp-content\/uploads\/2021\/01\/095c00ea-dbcf-4cf6-a84f-c0a3baecf276-800x533.jpg 800w, https:\/\/www.redantvorst.be\/wp-content\/uploads\/2021\/01\/095c00ea-dbcf-4cf6-a84f-c0a3baecf276.jpg 960w\" data-sizes=\"auto\" data-orig-sizes=\"(max-width: 960px) 100vw, 960px\" \/><\/p>\n<p>L&rsquo;\u00e9quipe RedAnt Racing a eu une pr\u00e9paration sans faille et a men\u00e9 la course comme pr\u00e9vu. La nouvelle Porsche 992 GT 3 Cup, la technologie et les comp\u00e9tences de pilotage ont fait le reste. Une premi\u00e8re victoire dans une course de 24 heures avec cette toute nouvelle voiture. Pas moins de 814 tours ont \u00e9t\u00e9 effectu\u00e9s par le quatuor gagnant, ce qui, lors des \u00e9ditions pr\u00e9c\u00e9dentes, \u00e9tait presque toujours suffisant pour remporter la victoire finale. Apr\u00e8s le premier arr\u00eat aux stands, ils n&rsquo;ont jamais perdu l&rsquo;avance.<\/p>\n<p>Une \u00e9quipe, un r\u00eave<\/p>\n<p>Il s&rsquo;agit surtout d&rsquo;une victoire pour l&rsquo;ensemble de notre peuple. Les techniciens sont aussi des coll\u00e8gues qui travaillent avec nous tous les jours. Le week-end prochain aura lieu la finale du championnat d&rsquo;endurance Belcar, \u00e9galement sur le circuit de Zolder. Les \u00ab\u00a0fourmis rouges\u00a0\u00bb vont sans doute frapper \u00e0 nouveau.<\/p>\n<p>Geert Herman<\/p>\n<p>Source : Het Nieuwsblad<\/p>\n","protected":false},"excerpt":{"rendered":"<p>Les fourmis rouges ont encore frapp\u00e9&#8230; Bert Redant et ses  [&#8230;]<\/p>\n","protected":false},"author":2,"featured_media":1767,"comment_status":"open","ping_status":"open","sticky":false,"template":"","format":"standard","meta":{"footnotes":""},"categories":[27],"tags":[],"class_list":["post-2199","post","type-post","status-publish","format-standard","has-post-thumbnail","hentry","category-news-fr"],"yoast_head":"<!-- This site is optimized with the Yoast SEO plugin v26.9 - https:\/\/yoast.com\/product\/yoast-seo-wordpress\/ -->\n<title>La famille entrepreneuriale Redant remporte les 24 heures de Zolder | RedAnt Vorst | Forest<\/title>\n<meta name=\"description\" content=\"Banden Redant is uw specialist voor autobanden, velgen, onderhoud en reparatie van personenwagens. Contacteer ons of maak een afspraak.\" \/>\n<meta name=\"robots\" content=\"index, follow, max-snippet:-1, max-image-preview:large, max-video-preview:-1\" \/>\n<link rel=\"canonical\" href=\"https:\/\/www.redantvorst.be\/fr\/la-famille-entrepreneuriale-redant-remporte-les-24-heures-de-zolder\/\" \/>\n<meta property=\"og:locale\" content=\"fr_FR\" \/>\n<meta property=\"og:type\" content=\"article\" \/>\n<meta property=\"og:title\" content=\"La famille entrepreneuriale Redant remporte les 24 heures de Zolder | RedAnt Vorst | Forest\" \/>\n<meta property=\"og:description\" content=\"Banden Redant is uw specialist voor autobanden, velgen, onderhoud en reparatie van personenwagens. Contacteer ons of maak een afspraak.\" \/>\n<meta property=\"og:url\" content=\"https:\/\/www.redantvorst.be\/fr\/la-famille-entrepreneuriale-redant-remporte-les-24-heures-de-zolder\/\" \/>\n<meta property=\"og:site_name\" content=\"RedAnt Vorst | Forest\" \/>\n<meta property=\"article:publisher\" content=\"https:\/\/www.facebook.com\/Banden-Redant-188354191264455\/\" \/>\n<meta property=\"article:published_time\" content=\"2022-05-06T08:01:31+00:00\" \/>\n<meta property=\"article:modified_time\" content=\"2022-05-06T08:04:57+00:00\" \/>\n<meta property=\"og:image\" content=\"https:\/\/www.redantvorst.be\/wp-content\/uploads\/2021\/01\/489ad63f-b1e5-4762-9098-dec4597bdd33.jpg\" \/>\n\t<meta property=\"og:image:width\" content=\"958\" \/>\n\t<meta property=\"og:image:height\" content=\"639\" \/>\n\t<meta property=\"og:image:type\" content=\"image\/jpeg\" \/>\n<meta name=\"author\" content=\"Bruno Lerminiaux\" \/>\n<meta name=\"twitter:card\" content=\"summary_large_image\" \/>\n<meta name=\"twitter:label1\" content=\"\u00c9crit par\" \/>\n\t<meta name=\"twitter:data1\" content=\"Bruno Lerminiaux\" \/>\n\t<meta name=\"twitter:label2\" content=\"Dur\u00e9e de lecture estim\u00e9e\" \/>\n\t<meta name=\"twitter:data2\" content=\"2 minutes\" \/>\n<script type=\"application\/ld+json\" class=\"yoast-schema-graph\">{\"@context\":\"https:\/\/schema.org\",\"@graph\":[{\"@type\":\"Article\",\"@id\":\"https:\/\/www.redantvorst.be\/fr\/la-famille-entrepreneuriale-redant-remporte-les-24-heures-de-zolder\/#article\",\"isPartOf\":{\"@id\":\"https:\/\/www.redantvorst.be\/fr\/la-famille-entrepreneuriale-redant-remporte-les-24-heures-de-zolder\/\"},\"author\":{\"name\":\"Bruno Lerminiaux\",\"@id\":\"https:\/\/www.redantvorst.be\/fr\/#\/schema\/person\/56ff44ebc9003c8d4e89ffbc8053319d\"},\"headline\":\"La famille entrepreneuriale Redant remporte les 24 heures de Zolder\",\"datePublished\":\"2022-05-06T08:01:31+00:00\",\"dateModified\":\"2022-05-06T08:04:57+00:00\",\"mainEntityOfPage\":{\"@id\":\"https:\/\/www.redantvorst.be\/fr\/la-famille-entrepreneuriale-redant-remporte-les-24-heures-de-zolder\/\"},\"wordCount\":222,\"commentCount\":0,\"publisher\":{\"@id\":\"https:\/\/www.redantvorst.be\/fr\/#organization\"},\"image\":{\"@id\":\"https:\/\/www.redantvorst.be\/fr\/la-famille-entrepreneuriale-redant-remporte-les-24-heures-de-zolder\/#primaryimage\"},\"thumbnailUrl\":\"https:\/\/www.redantvorst.be\/wp-content\/uploads\/2021\/01\/489ad63f-b1e5-4762-9098-dec4597bdd33.jpg\",\"articleSection\":[\"News\"],\"inLanguage\":\"fr-FR\",\"potentialAction\":[{\"@type\":\"CommentAction\",\"name\":\"Comment\",\"target\":[\"https:\/\/www.redantvorst.be\/fr\/la-famille-entrepreneuriale-redant-remporte-les-24-heures-de-zolder\/#respond\"]}]},{\"@type\":\"WebPage\",\"@id\":\"https:\/\/www.redantvorst.be\/fr\/la-famille-entrepreneuriale-redant-remporte-les-24-heures-de-zolder\/\",\"url\":\"https:\/\/www.redantvorst.be\/fr\/la-famille-entrepreneuriale-redant-remporte-les-24-heures-de-zolder\/\",\"name\":\"La famille entrepreneuriale Redant remporte les 24 heures de Zolder | RedAnt Vorst | Forest\",\"isPartOf\":{\"@id\":\"https:\/\/www.redantvorst.be\/fr\/#website\"},\"primaryImageOfPage\":{\"@id\":\"https:\/\/www.redantvorst.be\/fr\/la-famille-entrepreneuriale-redant-remporte-les-24-heures-de-zolder\/#primaryimage\"},\"image\":{\"@id\":\"https:\/\/www.redantvorst.be\/fr\/la-famille-entrepreneuriale-redant-remporte-les-24-heures-de-zolder\/#primaryimage\"},\"thumbnailUrl\":\"https:\/\/www.redantvorst.be\/wp-content\/uploads\/2021\/01\/489ad63f-b1e5-4762-9098-dec4597bdd33.jpg\",\"datePublished\":\"2022-05-06T08:01:31+00:00\",\"dateModified\":\"2022-05-06T08:04:57+00:00\",\"description\":\"Banden Redant is uw specialist voor autobanden, velgen, onderhoud en reparatie van personenwagens. Contacteer ons of maak een afspraak.\",\"breadcrumb\":{\"@id\":\"https:\/\/www.redantvorst.be\/fr\/la-famille-entrepreneuriale-redant-remporte-les-24-heures-de-zolder\/#breadcrumb\"},\"inLanguage\":\"fr-FR\",\"potentialAction\":[{\"@type\":\"ReadAction\",\"target\":[\"https:\/\/www.redantvorst.be\/fr\/la-famille-entrepreneuriale-redant-remporte-les-24-heures-de-zolder\/\"]}]},{\"@type\":\"ImageObject\",\"inLanguage\":\"fr-FR\",\"@id\":\"https:\/\/www.redantvorst.be\/fr\/la-famille-entrepreneuriale-redant-remporte-les-24-heures-de-zolder\/#primaryimage\",\"url\":\"https:\/\/www.redantvorst.be\/wp-content\/uploads\/2021\/01\/489ad63f-b1e5-4762-9098-dec4597bdd33.jpg\",\"contentUrl\":\"https:\/\/www.redantvorst.be\/wp-content\/uploads\/2021\/01\/489ad63f-b1e5-4762-9098-dec4597bdd33.jpg\",\"width\":958,\"height\":639},{\"@type\":\"BreadcrumbList\",\"@id\":\"https:\/\/www.redantvorst.be\/fr\/la-famille-entrepreneuriale-redant-remporte-les-24-heures-de-zolder\/#breadcrumb\",\"itemListElement\":[{\"@type\":\"ListItem\",\"position\":1,\"name\":\"Accueil\",\"item\":\"https:\/\/www.redantvorst.be\/fr\/\"},{\"@type\":\"ListItem\",\"position\":2,\"name\":\"La famille entrepreneuriale Redant remporte les 24 heures de Zolder\"}]},{\"@type\":\"WebSite\",\"@id\":\"https:\/\/www.redantvorst.be\/fr\/#website\",\"url\":\"https:\/\/www.redantvorst.be\/fr\/\",\"name\":\"RedAnt Vorst | Forest\",\"description\":\"Bandencentrale Banden Redant Vorst | Uw bandenspecialist\",\"publisher\":{\"@id\":\"https:\/\/www.redantvorst.be\/fr\/#organization\"},\"potentialAction\":[{\"@type\":\"SearchAction\",\"target\":{\"@type\":\"EntryPoint\",\"urlTemplate\":\"https:\/\/www.redantvorst.be\/fr\/?s={search_term_string}\"},\"query-input\":{\"@type\":\"PropertyValueSpecification\",\"valueRequired\":true,\"valueName\":\"search_term_string\"}}],\"inLanguage\":\"fr-FR\"},{\"@type\":\"Organization\",\"@id\":\"https:\/\/www.redantvorst.be\/fr\/#organization\",\"name\":\"RedAnt Vorst-Forest\",\"url\":\"https:\/\/www.redantvorst.be\/fr\/\",\"logo\":{\"@type\":\"ImageObject\",\"inLanguage\":\"fr-FR\",\"@id\":\"https:\/\/www.redantvorst.be\/fr\/#\/schema\/logo\/image\/\",\"url\":\"https:\/\/www.redantvorst.be\/wp-content\/uploads\/2022\/01\/RedAntVorst-logo200.png\",\"contentUrl\":\"https:\/\/www.redantvorst.be\/wp-content\/uploads\/2022\/01\/RedAntVorst-logo200.png\",\"width\":790,\"height\":200,\"caption\":\"RedAnt Vorst-Forest\"},\"image\":{\"@id\":\"https:\/\/www.redantvorst.be\/fr\/#\/schema\/logo\/image\/\"},\"sameAs\":[\"https:\/\/www.facebook.com\/Banden-Redant-188354191264455\/\"]},{\"@type\":\"Person\",\"@id\":\"https:\/\/www.redantvorst.be\/fr\/#\/schema\/person\/56ff44ebc9003c8d4e89ffbc8053319d\",\"name\":\"Bruno Lerminiaux\",\"url\":\"https:\/\/www.redantvorst.be\/fr\/author\/blerminiaux\/\"}]}<\/script>\n<!-- \/ Yoast SEO plugin. -->","yoast_head_json":{"title":"La famille entrepreneuriale Redant remporte les 24 heures de Zolder | RedAnt Vorst | Forest","description":"Banden Redant is uw specialist voor autobanden, velgen, onderhoud en reparatie van personenwagens. Contacteer ons of maak een afspraak.","robots":{"index":"index","follow":"follow","max-snippet":"max-snippet:-1","max-image-preview":"max-image-preview:large","max-video-preview":"max-video-preview:-1"},"canonical":"https:\/\/www.redantvorst.be\/fr\/la-famille-entrepreneuriale-redant-remporte-les-24-heures-de-zolder\/","og_locale":"fr_FR","og_type":"article","og_title":"La famille entrepreneuriale Redant remporte les 24 heures de Zolder | RedAnt Vorst | Forest","og_description":"Banden Redant is uw specialist voor autobanden, velgen, onderhoud en reparatie van personenwagens. Contacteer ons of maak een afspraak.","og_url":"https:\/\/www.redantvorst.be\/fr\/la-famille-entrepreneuriale-redant-remporte-les-24-heures-de-zolder\/","og_site_name":"RedAnt Vorst | Forest","article_publisher":"https:\/\/www.facebook.com\/Banden-Redant-188354191264455\/","article_published_time":"2022-05-06T08:01:31+00:00","article_modified_time":"2022-05-06T08:04:57+00:00","og_image":[{"width":958,"height":639,"url":"https:\/\/www.redantvorst.be\/wp-content\/uploads\/2021\/01\/489ad63f-b1e5-4762-9098-dec4597bdd33.jpg","type":"image\/jpeg"}],"author":"Bruno Lerminiaux","twitter_card":"summary_large_image","twitter_misc":{"\u00c9crit par":"Bruno Lerminiaux","Dur\u00e9e de lecture estim\u00e9e":"2 minutes"},"schema":{"@context":"https:\/\/schema.org","@graph":[{"@type":"Article","@id":"https:\/\/www.redantvorst.be\/fr\/la-famille-entrepreneuriale-redant-remporte-les-24-heures-de-zolder\/#article","isPartOf":{"@id":"https:\/\/www.redantvorst.be\/fr\/la-famille-entrepreneuriale-redant-remporte-les-24-heures-de-zolder\/"},"author":{"name":"Bruno Lerminiaux","@id":"https:\/\/www.redantvorst.be\/fr\/#\/schema\/person\/56ff44ebc9003c8d4e89ffbc8053319d"},"headline":"La famille entrepreneuriale Redant remporte les 24 heures de Zolder","datePublished":"2022-05-06T08:01:31+00:00","dateModified":"2022-05-06T08:04:57+00:00","mainEntityOfPage":{"@id":"https:\/\/www.redantvorst.be\/fr\/la-famille-entrepreneuriale-redant-remporte-les-24-heures-de-zolder\/"},"wordCount":222,"commentCount":0,"publisher":{"@id":"https:\/\/www.redantvorst.be\/fr\/#organization"},"image":{"@id":"https:\/\/www.redantvorst.be\/fr\/la-famille-entrepreneuriale-redant-remporte-les-24-heures-de-zolder\/#primaryimage"},"thumbnailUrl":"https:\/\/www.redantvorst.be\/wp-content\/uploads\/2021\/01\/489ad63f-b1e5-4762-9098-dec4597bdd33.jpg","articleSection":["News"],"inLanguage":"fr-FR","potentialAction":[{"@type":"CommentAction","name":"Comment","target":["https:\/\/www.redantvorst.be\/fr\/la-famille-entrepreneuriale-redant-remporte-les-24-heures-de-zolder\/#respond"]}]},{"@type":"WebPage","@id":"https:\/\/www.redantvorst.be\/fr\/la-famille-entrepreneuriale-redant-remporte-les-24-heures-de-zolder\/","url":"https:\/\/www.redantvorst.be\/fr\/la-famille-entrepreneuriale-redant-remporte-les-24-heures-de-zolder\/","name":"La famille entrepreneuriale Redant remporte les 24 heures de Zolder | RedAnt Vorst | Forest","isPartOf":{"@id":"https:\/\/www.redantvorst.be\/fr\/#website"},"primaryImageOfPage":{"@id":"https:\/\/www.redantvorst.be\/fr\/la-famille-entrepreneuriale-redant-remporte-les-24-heures-de-zolder\/#primaryimage"},"image":{"@id":"https:\/\/www.redantvorst.be\/fr\/la-famille-entrepreneuriale-redant-remporte-les-24-heures-de-zolder\/#primaryimage"},"thumbnailUrl":"https:\/\/www.redantvorst.be\/wp-content\/uploads\/2021\/01\/489ad63f-b1e5-4762-9098-dec4597bdd33.jpg","datePublished":"2022-05-06T08:01:31+00:00","dateModified":"2022-05-06T08:04:57+00:00","description":"Banden Redant is uw specialist voor autobanden, velgen, onderhoud en reparatie van personenwagens. Contacteer ons of maak een afspraak.","breadcrumb":{"@id":"https:\/\/www.redantvorst.be\/fr\/la-famille-entrepreneuriale-redant-remporte-les-24-heures-de-zolder\/#breadcrumb"},"inLanguage":"fr-FR","potentialAction":[{"@type":"ReadAction","target":["https:\/\/www.redantvorst.be\/fr\/la-famille-entrepreneuriale-redant-remporte-les-24-heures-de-zolder\/"]}]},{"@type":"ImageObject","inLanguage":"fr-FR","@id":"https:\/\/www.redantvorst.be\/fr\/la-famille-entrepreneuriale-redant-remporte-les-24-heures-de-zolder\/#primaryimage","url":"https:\/\/www.redantvorst.be\/wp-content\/uploads\/2021\/01\/489ad63f-b1e5-4762-9098-dec4597bdd33.jpg","contentUrl":"https:\/\/www.redantvorst.be\/wp-content\/uploads\/2021\/01\/489ad63f-b1e5-4762-9098-dec4597bdd33.jpg","width":958,"height":639},{"@type":"BreadcrumbList","@id":"https:\/\/www.redantvorst.be\/fr\/la-famille-entrepreneuriale-redant-remporte-les-24-heures-de-zolder\/#breadcrumb","itemListElement":[{"@type":"ListItem","position":1,"name":"Accueil","item":"https:\/\/www.redantvorst.be\/fr\/"},{"@type":"ListItem","position":2,"name":"La famille entrepreneuriale Redant remporte les 24 heures de Zolder"}]},{"@type":"WebSite","@id":"https:\/\/www.redantvorst.be\/fr\/#website","url":"https:\/\/www.redantvorst.be\/fr\/","name":"RedAnt Vorst | Forest","description":"Bandencentrale Banden Redant Vorst | Uw bandenspecialist","publisher":{"@id":"https:\/\/www.redantvorst.be\/fr\/#organization"},"potentialAction":[{"@type":"SearchAction","target":{"@type":"EntryPoint","urlTemplate":"https:\/\/www.redantvorst.be\/fr\/?s={search_term_string}"},"query-input":{"@type":"PropertyValueSpecification","valueRequired":true,"valueName":"search_term_string"}}],"inLanguage":"fr-FR"},{"@type":"Organization","@id":"https:\/\/www.redantvorst.be\/fr\/#organization","name":"RedAnt Vorst-Forest","url":"https:\/\/www.redantvorst.be\/fr\/","logo":{"@type":"ImageObject","inLanguage":"fr-FR","@id":"https:\/\/www.redantvorst.be\/fr\/#\/schema\/logo\/image\/","url":"https:\/\/www.redantvorst.be\/wp-content\/uploads\/2022\/01\/RedAntVorst-logo200.png","contentUrl":"https:\/\/www.redantvorst.be\/wp-content\/uploads\/2022\/01\/RedAntVorst-logo200.png","width":790,"height":200,"caption":"RedAnt Vorst-Forest"},"image":{"@id":"https:\/\/www.redantvorst.be\/fr\/#\/schema\/logo\/image\/"},"sameAs":["https:\/\/www.facebook.com\/Banden-Redant-188354191264455\/"]},{"@type":"Person","@id":"https:\/\/www.redantvorst.be\/fr\/#\/schema\/person\/56ff44ebc9003c8d4e89ffbc8053319d","name":"Bruno Lerminiaux","url":"https:\/\/www.redantvorst.be\/fr\/author\/blerminiaux\/"}]}},"_links":{"self":[{"href":"https:\/\/www.redantvorst.be\/fr\/wp-json\/wp\/v2\/posts\/2199","targetHints":{"allow":["GET"]}}],"collection":[{"href":"https:\/\/www.redantvorst.be\/fr\/wp-json\/wp\/v2\/posts"}],"about":[{"href":"https:\/\/www.redantvorst.be\/fr\/wp-json\/wp\/v2\/types\/post"}],"author":[{"embeddable":true,"href":"https:\/\/www.redantvorst.be\/fr\/wp-json\/wp\/v2\/users\/2"}],"replies":[{"embeddable":true,"href":"https:\/\/www.redantvorst.be\/fr\/wp-json\/wp\/v2\/comments?post=2199"}],"version-history":[{"count":2,"href":"https:\/\/www.redantvorst.be\/fr\/wp-json\/wp\/v2\/posts\/2199\/revisions"}],"predecessor-version":[{"id":2201,"href":"https:\/\/www.redantvorst.be\/fr\/wp-json\/wp\/v2\/posts\/2199\/revisions\/2201"}],"wp:featuredmedia":[{"embeddable":true,"href":"https:\/\/www.redantvorst.be\/fr\/wp-json\/wp\/v2\/media\/1767"}],"wp:attachment":[{"href":"https:\/\/www.redantvorst.be\/fr\/wp-json\/wp\/v2\/media?parent=2199"}],"wp:term":[{"taxonomy":"category","embeddable":true,"href":"https:\/\/www.redantvorst.be\/fr\/wp-json\/wp\/v2\/categories?post=2199"},{"taxonomy":"post_tag","embeddable":true,"href":"https:\/\/www.redantvorst.be\/fr\/wp-json\/wp\/v2\/tags?post=2199"}],"curies":[{"name":"wp","href":"https:\/\/api.w.org\/{rel}","templated":true}]}}